[{"@context":"https:\/\/schema.org\/","@type":"Article","@id":"https:\/\/www.cangaroo.sk\/facebook-moze-byt-nuteny-odstranovat-obsah-na-medzinarodnej-urovni-podla-najvyssich-sudnych-pravidiel-eu\/#Article","mainEntityOfPage":"https:\/\/www.cangaroo.sk\/facebook-moze-byt-nuteny-odstranovat-obsah-na-medzinarodnej-urovni-podla-najvyssich-sudnych-pravidiel-eu\/","headline":"Facebook m\u00f4\u017ee by\u0165 n\u00faten\u00fd odstra\u0148ova\u0165 obsah na medzin\u00e1rodnej \u00farovni, pod\u013ea najvy\u0161\u0161\u00edch s\u00fadnych pravidiel E\u00da","name":"Facebook m\u00f4\u017ee by\u0165 n\u00faten\u00fd odstra\u0148ova\u0165 obsah na medzin\u00e1rodnej \u00farovni, pod\u013ea najvy\u0161\u0161\u00edch s\u00fadnych pravidiel E\u00da","description":"Vo \u0161tvrtok najvy\u0161\u0161\u00ed s\u00fad Eur\u00f3pskej \u00fanie rozhodol, \u017ee sudcovia ni\u017e\u0161\u00edch s\u00fadov by mohli Facebooku nariadi\u0165, aby zo svojej platformy odstr\u00e1nili [&hellip;]","datePublished":"2019-10-20","dateModified":"2023-04-27","author":{"@type":"Person","@id":"https:\/\/www.cangaroo.sk\/author\/#Person","name":"","url":"https:\/\/www.cangaroo.sk\/author\/","identifier":1,"image":{"@type":"ImageObject","@id":"https:\/\/secure.gravatar.com\/avatar\/70b0b0c6ef7dca5d65c935edece415df3e99a7281ef835a281ae62fb4236351b?s=96&d=mm&r=g","url":"https:\/\/secure.gravatar.com\/avatar\/70b0b0c6ef7dca5d65c935edece415df3e99a7281ef835a281ae62fb4236351b?s=96&d=mm&r=g","height":96,"width":96}},"publisher":{"@type":"Organization","name":"cangaroo.sk","logo":{"@type":"ImageObject","@id":"\/logo.png","url":"\/logo.png","width":600,"height":60}},"image":{"@type":"ImageObject","@id":"https:\/\/www.cangaroo.sk\/wp-content\/uploads\/img_a307591_w16652_t1572009951.jpg","url":"https:\/\/www.cangaroo.sk\/wp-content\/uploads\/img_a307591_w16652_t1572009951.jpg","height":0,"width":0},"url":"https:\/\/www.cangaroo.sk\/facebook-moze-byt-nuteny-odstranovat-obsah-na-medzinarodnej-urovni-podla-najvyssich-sudnych-pravidiel-eu\/","about":["Internet"],"wordCount":395,"articleBody":"Vo \u0161tvrtok najvy\u0161\u0161\u00ed s\u00fad Eur\u00f3pskej \u00fanie rozhodol, \u017ee sudcovia ni\u017e\u0161\u00edch s\u00fadov by mohli Facebooku nariadi\u0165, aby zo svojej platformy odstr\u00e1nili nez\u00e1konn\u00e9 koment\u00e1re, \u010d\u00edm sa roz\u0161\u00edria pr\u00e1vomoci jednotliv\u00fdch kraj\u00edn, ktor\u00e9 musia roz\u0161\u00edri\u0165 z\u00e1kazy obsahu po celom svete.Eur\u00f3psky s\u00fad dospel k\u00a0rozhodnutiu po tom, ako rak\u00faska politi\u010dka Eva Glawischnig-Piesczek po\u017eiadala o\u00a0nariadenie, ktor\u00e9 by prin\u00fatilo giganta odstr\u00e1ni\u0165 koment\u00e1re \u201e\u0161kodliv\u00e9 pre jej poves\u0165\u201c. Eva tvrdila, \u017ee soci\u00e1lna sie\u0165 by mala odstr\u00e1ni\u0165 koment\u00e1re a\u00a0obmedzenia k\u00a0pr\u00edstupu k\u00a0n\u00edm na celom svete. EU rozhodla proti FB a\u00a0tvrdo zasiahol technick\u00e9 spolo\u010dnosti, preto\u017ee z\u00e1konodarcovia a\u00a0platformy na\u010falej diskutuj\u00fa o\u00a0tom, ako regulova\u0165 re\u010d online.\u201ePr\u00e1vo E\u00da nebr\u00e1ni hostite\u013esk\u00e9mu\u00a0 poskytovate\u013eovi, ako je napr\u00edklad FB, aby nariadil odstr\u00e1nenie toto\u017en\u00fdch a\u00a0za ur\u010dit\u00fdch okolnost\u00ed ekvivalentn\u00fdch pripomienok, ktor\u00e9 boli predt\u00fdm vyhl\u00e1sen\u00e9 za nez\u00e1konn\u00e9,\u201c uviedol s\u00fad vo vyhl\u00e1sen\u00ed. \u201eOkrem toho pr\u00e1vo Eur\u00f3pskej \u00fanii nebr\u00e1ni tomu, aby tak\u00fdto pr\u00edkaz mal \u00fa\u010dinky na celom svete v\u00a0r\u00e1mci pr\u00edslu\u0161n\u00e9ho medzin\u00e1rodn\u00e9ho pr\u00e1va.\u201cVo svojom rozsudku s\u00fad potvrdzuje, \u017ee firmy ako Facebook a\u00a0Twitter nezodpovedaj\u00fa za obsah zverejnen\u00fd na svojich platform\u00e1ch, ale t\u00e1to v\u00fdnimka nezakazuje s\u00fadom nariadi\u0165 organiz\u00e1ci\u00e1m, aby zak\u00e1zali nez\u00e1konn\u00fd obsah. Koncom minul\u00e9ho mesiaca sa rozhodlo, \u017ee Google nemus\u00ed odstra\u0148ova\u0165 odkazy stiahnut\u00e9 z\u00a0\u017eiadost\u00ed o\u00a0pr\u00e1vo by\u0165 zabudnut\u00fd po celom svete. Pod\u013ea \u0161tvrtkov\u00e9ho rozhodnutia giganta je v\u0161ak neleg\u00e1lny obsah mo\u017en\u00e9 medzin\u00e1rodne obmedzi\u0165.FB bol proti rozhodnutiu. \u201eTento rozsudok vyvol\u00e1va kritick\u00e9 ot\u00e1zky t\u00fdkaj\u00face sa slobody prejavu a\u00a0\u00falohy, ktor\u00fa by internetov\u00e9 spolo\u010dnosti mali zohr\u00e1va\u0165 pri monitorovan\u00ed, tlmo\u010den\u00ed a\u00a0odstra\u0148ovan\u00ed prejavov, ktor\u00e9 by mohli by\u0165 nez\u00e1konn\u00e9 v\u00a0ktorejko\u013evek konkr\u00e9tne krajine,\u201c uviedla organiz\u00e1cia vo vyhl\u00e1sen\u00ed.\u201ePodkop\u00e1va to dlhodob\u00fa z\u00e1sadu, \u017ee jedna krajina nem\u00e1 pr\u00e1vo uklada\u0165 svoje z\u00e1kony o\u00a0re\u010di inej krajine. Takisto sa otv\u00e1raj\u00fa dvere k\u00a0povinnostiam, ktor\u00e9 sa ukladaj\u00fa internetov\u00fdm organiz\u00e1ci\u00e1m, aby akt\u00edvne monitorovali obsah, a\u00a0potom interpretuj\u00fa, \u010di je \u201eekvivalentn\u00fd\u201c obsahu, o\u00a0ktorom sa zistilo, \u017ee je nez\u00e1konn\u00fd.\u201c \u00a0\u00a0                                                                                                                                                                                                                                                                                                                                                                                                "},{"@context":"https:\/\/schema.org\/","@type":"BreadcrumbList","itemListElement":[{"@type":"ListItem","position":1,"name":"Facebook m\u00f4\u017ee by\u0165 n\u00faten\u00fd odstra\u0148ova\u0165 obsah na medzin\u00e1rodnej \u00farovni, pod\u013ea najvy\u0161\u0161\u00edch s\u00fadnych pravidiel E\u00da","item":"https:\/\/www.cangaroo.sk\/facebook-moze-byt-nuteny-odstranovat-obsah-na-medzinarodnej-urovni-podla-najvyssich-sudnych-pravidiel-eu\/#breadcrumbitem"}]}]